{"id":588,"date":"2025-12-11T16:52:49","date_gmt":"2025-12-11T16:52:49","guid":{"rendered":"https:\/\/www.almavet.pl\/?p=588"},"modified":"2026-01-30T09:41:32","modified_gmt":"2026-01-30T09:41:32","slug":"iii-mikolajki-onkologiczne","status":"publish","type":"post","link":"https:\/\/www.almavet.pl\/index.php\/2025\/12\/11\/iii-mikolajki-onkologiczne\/","title":{"rendered":"III Miko\u0142ajki Onkologiczne"},"content":{"rendered":"\n<p>W ostatni weekend lek. wet. Emilia Wi\u015bniowska-Antonik uczestniczy\u0142a w corocznym szkoleniu dotycz\u0105cym pacjent\u00f3w onkologicznych. By\u0142a to okazja do wymiany do\u015bwiadcze\u0144 z lekarzami z ca\u0142ej Polski oraz wys\u0142uchania ciekawych tematycznych wyk\u0142ad\u00f3w.<\/p>\n\n\n\n<figure class=\"wp-block-image size-full\"><img loading=\"lazy\" decoding=\"async\" width=\"1080\" height=\"803\" src=\"https:\/\/www.almavet.pl\/wp-content\/uploads\/2025\/12\/WhatsApp-Image-2025-12-09-at-12.03.44.jpeg\" alt=\"\" class=\"wp-image-590\" srcset=\"https:\/\/www.almavet.pl\/wp-content\/uploads\/2025\/12\/WhatsApp-Image-2025-12-09-at-12.03.44.jpeg 1080w, https:\/\/www.almavet.pl\/wp-content\/uploads\/2025\/12\/WhatsApp-Image-2025-12-09-at-12.03.44-500x372.jpeg 500w, https:\/\/www.almavet.pl\/wp-content\/uploads\/2025\/12\/WhatsApp-Image-2025-12-09-at-12.03.44-300x223.jpeg 300w, https:\/\/www.almavet.pl\/wp-content\/uploads\/2025\/12\/WhatsApp-Image-2025-12-09-at-12.03.44-768x571.jpeg 768w, https:\/\/www.almavet.pl\/wp-content\/uploads\/2025\/12\/WhatsApp-Image-2025-12-09-at-12.03.44-101x75.jpeg 101w, https:\/\/www.almavet.pl\/wp-content\/uploads\/2025\/12\/WhatsApp-Image-2025-12-09-at-12.03.44-480x357.jpeg 480w\" sizes=\"auto, (max-width:767px) 480px, (max-width:1080px) 100vw, 1080px\" \/><\/figure>\n\n\n\n<figure class=\"wp-block-image size-large\"><img loading=\"lazy\" decoding=\"async\" width=\"1200\" height=\"900\" src=\"https:\/\/www.almavet.pl\/wp-content\/uploads\/2025\/12\/WhatsApp-Image-2025-12-09-at-12.03.44-1-1200x900.jpeg\" alt=\"\" class=\"wp-image-589\" srcset=\"https:\/\/www.almavet.pl\/wp-content\/uploads\/2025\/12\/WhatsApp-Image-2025-12-09-at-12.03.44-1-1200x900.jpeg 1200w, https:\/\/www.almavet.pl\/wp-content\/uploads\/2025\/12\/WhatsApp-Image-2025-12-09-at-12.03.44-1-500x375.jpeg 500w, https:\/\/www.almavet.pl\/wp-content\/uploads\/2025\/12\/WhatsApp-Image-2025-12-09-at-12.03.44-1-300x225.jpeg 300w, https:\/\/www.almavet.pl\/wp-content\/uploads\/2025\/12\/WhatsApp-Image-2025-12-09-at-12.03.44-1-768x576.jpeg 768w, https:\/\/www.almavet.pl\/wp-content\/uploads\/2025\/12\/WhatsApp-Image-2025-12-09-at-12.03.44-1-1536x1152.jpeg 1536w, https:\/\/www.almavet.pl\/wp-content\/uploads\/2025\/12\/WhatsApp-Image-2025-12-09-at-12.03.44-1-100x75.jpeg 100w, https:\/\/www.almavet.pl\/wp-content\/uploads\/2025\/12\/WhatsApp-Image-2025-12-09-at-12.03.44-1-960x720.jpeg 960w, https:\/\/www.almavet.pl\/wp-content\/uploads\/2025\/12\/WhatsApp-Image-2025-12-09-at-12.03.44-1-480x360.jpeg 480w, https:\/\/www.almavet.pl\/wp-content\/uploads\/2025\/12\/WhatsApp-Image-2025-12-09-at-12.03.44-1.jpeg 2048w\" sizes=\"auto, (max-width:767px) 480px, (max-width:1200px) 100vw, 1200px\" \/><\/figure>\n","protected":false},"excerpt":{"rendered":"<p>W ostatni weekend lek. wet. Emilia Wi\u015bniowska-Antonik uczestniczy\u0142a w corocznym szkoleniu dotycz\u0105cym pacjent\u00f3w onkologicznych. By\u0142a to okazja do wymiany do\u015bwiadcze\u0144 z lekarzami z ca\u0142ej Polski oraz<span class=\"excerpt-hellip\"> [\u2026]<\/span><\/p>\n","protected":false},"author":1,"featured_media":625,"comment_status":"closed","ping_status":"closed","sticky":false,"template":"","format":"standard","meta":{"footnotes":""},"categories":[4],"tags":[],"class_list":["post-588","post","type-post","status-publish","format-standard","has-post-thumbnail","hentry","category-aktualnosci"],"_links":{"self":[{"href":"https:\/\/www.almavet.pl\/index.php\/wp-json\/wp\/v2\/posts\/588","targetHints":{"allow":["GET"]}}],"collection":[{"href":"https:\/\/www.almavet.pl\/index.php\/wp-json\/wp\/v2\/posts"}],"about":[{"href":"https:\/\/www.almavet.pl\/index.php\/wp-json\/wp\/v2\/types\/post"}],"author":[{"embeddable":true,"href":"https:\/\/www.almavet.pl\/index.php\/wp-json\/wp\/v2\/users\/1"}],"replies":[{"embeddable":true,"href":"https:\/\/www.almavet.pl\/index.php\/wp-json\/wp\/v2\/comments?post=588"}],"version-history":[{"count":2,"href":"https:\/\/www.almavet.pl\/index.php\/wp-json\/wp\/v2\/posts\/588\/revisions"}],"predecessor-version":[{"id":592,"href":"https:\/\/www.almavet.pl\/index.php\/wp-json\/wp\/v2\/posts\/588\/revisions\/592"}],"wp:featuredmedia":[{"embeddable":true,"href":"https:\/\/www.almavet.pl\/index.php\/wp-json\/wp\/v2\/media\/625"}],"wp:attachment":[{"href":"https:\/\/www.almavet.pl\/index.php\/wp-json\/wp\/v2\/media?parent=588"}],"wp:term":[{"taxonomy":"category","embeddable":true,"href":"https:\/\/www.almavet.pl\/index.php\/wp-json\/wp\/v2\/categories?post=588"},{"taxonomy":"post_tag","embeddable":true,"href":"https:\/\/www.almavet.pl\/index.php\/wp-json\/wp\/v2\/tags?post=588"}],"curies":[{"name":"wp","href":"https:\/\/api.w.org\/{rel}","templated":true}]}}